{"id":4860,"date":"2022-10-14T13:17:14","date_gmt":"2022-10-14T11:17:14","guid":{"rendered":"https:\/\/www.mobee.de\/?p=4860"},"modified":"2025-05-06T17:02:39","modified_gmt":"2025-05-06T15:02:39","slug":"le-dos-en-point-de-mire","status":"publish","type":"post","link":"https:\/\/www.mobee.de\/fr\/2022\/10\/der-ruecken-im-fokus\/","title":{"rendered":"Le dos en point de mire."},"content":{"rendered":"<p class=\"has-medium-font-size\">Vous \u00eates kin\u00e9sith\u00e9rapeute, conseiller d'entreprises pour des mesures de sant\u00e9 en entreprise ou vous dirigez un \u00e9tablissement de sant\u00e9 ?                                                Vous vous concentrez sur les th\u00e8mes du dos et du diagnostic du dos ?<\/p>\n\n\n\n<ul class=\"wp-block-social-links is-layout-flex wp-block-social-links-is-layout-flex\"><li class=\"wp-social-link wp-social-link-facebook  wp-block-social-link\"><a href=\"https:\/\/www.facebook.com\/mobee360\" class=\"wp-block-social-link-anchor\"><svg width=\"24\" height=\"24\" viewbox=\"0 0 24 24\" version=\"1.1\" xmlns=\"http:\/\/www.w3.org\/2000\/svg\" aria-hidden=\"true\" focusable=\"false\"><path d=\"M12 2C6.5 2 2 6.5 2 12c0 5 3.7 9.1 8.4 9.9v-7H7.9V12h2.5V9.8c0-2.5 1.5-3.9 3.8-3.9 1.1 0 2.2.2 2.2.2v2.5h-1.3c-1.2 0-1.6.8-1.6 1.6V12h2.8l-.4 2.9h-2.3v7C18.3 21.1 22 17 22 12c0-5.5-4.5-10-10-10z\"><\/path><\/svg><span class=\"wp-block-social-link-label screen-reader-text\">Facebook<\/span><\/a><\/li>\n\n<li class=\"wp-social-link wp-social-link-instagram  wp-block-social-link\"><a href=\"https:\/\/www.instagram.com\/mobee_360\/\" class=\"wp-block-social-link-anchor\"><svg width=\"24\" height=\"24\" viewbox=\"0 0 24 24\" version=\"1.1\" xmlns=\"http:\/\/www.w3.org\/2000\/svg\" aria-hidden=\"true\" focusable=\"false\"><path d=\"M12,4.622c2.403,0,2.688,0.009,3.637,0.052c0.877,0.04,1.354,0.187,1.671,0.31c0.42,0.163,0.72,0.358,1.035,0.673 c0.315,0.315,0.51,0.615,0.673,1.035c0.123,0.317,0.27,0.794,0.31,1.671c0.043,0.949,0.052,1.234,0.052,3.637 s-0.009,2.688-0.052,3.637c-0.04,0.877-0.187,1.354-0.31,1.671c-0.163,0.42-0.358,0.72-0.673,1.035 c-0.315,0.315-0.615,0.51-1.035,0.673c-0.317,0.123-0.794,0.27-1.671,0.31c-0.949,0.043-1.233,0.052-3.637,0.052 s-2.688-0.009-3.637-0.052c-0.877-0.04-1.354-0.187-1.671-0.31c-0.42-0.163-0.72-0.358-1.035-0.673 c-0.315-0.315-0.51-0.615-0.673-1.035c-0.123-0.317-0.27-0.794-0.31-1.671C4.631,14.688,4.622,14.403,4.622,12 s0.009-2.688,0.052-3.637c0.04-0.877,0.187-1.354,0.31-1.671c0.163-0.42,0.358-0.72,0.673-1.035 c0.315-0.315,0.615-0.51,1.035-0.673c0.317-0.123,0.794-0.27,1.671-0.31C9.312,4.631,9.597,4.622,12,4.622 M12,3 C9.556,3,9.249,3.01,8.289,3.054C7.331,3.098,6.677,3.25,6.105,3.472C5.513,3.702,5.011,4.01,4.511,4.511 c-0.5,0.5-0.808,1.002-1.038,1.594C3.25,6.677,3.098,7.331,3.054,8.289C3.01,9.249,3,9.556,3,12c0,2.444,0.01,2.751,0.054,3.711 c0.044,0.958,0.196,1.612,0.418,2.185c0.23,0.592,0.538,1.094,1.038,1.594c0.5,0.5,1.002,0.808,1.594,1.038 c0.572,0.222,1.227,0.375,2.185,0.418C9.249,20.99,9.556,21,12,21s2.751-0.01,3.711-0.054c0.958-0.044,1.612-0.196,2.185-0.418 c0.592-0.23,1.094-0.538,1.594-1.038c0.5-0.5,0.808-1.002,1.038-1.594c0.222-0.572,0.375-1.227,0.418-2.185 C20.99,14.751,21,14.444,21,12s-0.01-2.751-0.054-3.711c-0.044-0.958-0.196-1.612-0.418-2.185c-0.23-0.592-0.538-1.094-1.038-1.594 c-0.5-0.5-1.002-0.808-1.594-1.038c-0.572-0.222-1.227-0.375-2.185-0.418C14.751,3.01,14.444,3,12,3L12,3z M12,7.378 c-2.552,0-4.622,2.069-4.622,4.622S9.448,16.622,12,16.622s4.622-2.069,4.622-4.622S14.552,7.378,12,7.378z M12,15 c-1.657,0-3-1.343-3-3s1.343-3,3-3s3,1.343,3,3S13.657,15,12,15z M16.804,6.116c-0.596,0-1.08,0.484-1.08,1.08 s0.484,1.08,1.08,1.08c0.596,0,1.08-0.484,1.08-1.08S17.401,6.116,16.804,6.116z\"><\/path><\/svg><span class=\"wp-block-social-link-label screen-reader-text\">Instagram<\/span><\/a><\/li>\n\n<li class=\"wp-social-link wp-social-link-linkedin  wp-block-social-link\"><a href=\"https:\/\/lu.linkedin.com\/company\/mobee360\" class=\"wp-block-social-link-anchor\"><svg width=\"24\" height=\"24\" viewbox=\"0 0 24 24\" version=\"1.1\" xmlns=\"http:\/\/www.w3.org\/2000\/svg\" aria-hidden=\"true\" focusable=\"false\"><path d=\"M19.7,3H4.3C3.582,3,3,3.582,3,4.3v15.4C3,20.418,3.582,21,4.3,21h15.4c0.718,0,1.3-0.582,1.3-1.3V4.3 C21,3.582,20.418,3,19.7,3z M8.339,18.338H5.667v-8.59h2.672V18.338z M7.004,8.574c-0.857,0-1.549-0.694-1.549-1.548 c0-0.855,0.691-1.548,1.549-1.548c0.854,0,1.547,0.694,1.547,1.548C8.551,7.881,7.858,8.574,7.004,8.574z M18.339,18.338h-2.669 v-4.177c0-0.996-0.017-2.278-1.387-2.278c-1.389,0-1.601,1.086-1.601,2.206v4.249h-2.667v-8.59h2.559v1.174h0.037 c0.356-0.675,1.227-1.387,2.526-1.387c2.703,0,3.203,1.779,3.203,4.092V18.338z\"><\/path><\/svg><span class=\"wp-block-social-link-label screen-reader-text\">LinkedIn<\/span><\/a><\/li><\/ul>\n\n\n\n<figure class=\"wp-block-image size-full wp-embed-aspect-16-9 wp-has-aspect-ratio\"><img loading=\"lazy\" decoding=\"async\" width=\"1125\" height=\"1122\" src=\"https:\/\/www.mobee.de\/wp-content\/uploads\/Isabelle_Ruecken_Herbst-Kampagne-1.png\" alt=\"Isabelle Kolf (anciennement Butz), scientifique du sport et collaboratrice chez mobee360.\" class=\"wp-image-4890\" srcset=\"https:\/\/www.mobee.de\/wp-content\/uploads\/Isabelle_Ruecken_Herbst-Kampagne-1.png 1125w, https:\/\/www.mobee.de\/wp-content\/uploads\/Isabelle_Ruecken_Herbst-Kampagne-1-640x638.png 640w, https:\/\/www.mobee.de\/wp-content\/uploads\/Isabelle_Ruecken_Herbst-Kampagne-1-320x320.png 320w, https:\/\/www.mobee.de\/wp-content\/uploads\/Isabelle_Ruecken_Herbst-Kampagne-1-768x766.png 768w\" sizes=\"auto, (max-width: 1125px) 100vw, 1125px\" \/><\/figure>\n\n\n\n<p class=\"has-medium-font-size\">L'institut Robert Koch indique que les troubles musculo-squelettiques<strong> la cause num\u00e9ro un dans le monde<\/strong> <strong>un<\/strong> sont responsables de douleurs chroniques et d'une diminution de la qualit\u00e9 de vie. En Allemagne \u00e9galement, les troubles, maladies et traumatismes de l'appareil locomoteur comptent parmi les maladies chroniques les plus fr\u00e9quentes avec une charge de morbidit\u00e9 \u00e9lev\u00e9e.<\/p>\n\n\n\n<p class=\"has-medium-font-size\"><strong>Rendez-vous exclusifs en ligne<\/strong><\/p>\n\n\n\n<p class=\"has-medium-font-size\">Quels sont les avantages pour les experts du dos de l'utilisation du diagnostic num\u00e9rique et quelles approches de formation, de th\u00e9rapie et de conseil peuvent en r\u00e9sulter ? Isabelle Butz r\u00e9pond \u00e0 ces questions et \u00e0 d'autres dans <strong>des rendez-vous individuels en ligne du 17 au 25 octobre 2022.<\/strong><br><br><strong>R\u00e9servez d\u00e8s maintenant votre rendez-vous en cliquant sur le bouton. Il vaut la peine de se d\u00e9p\u00eacher, car le nombre est limit\u00e9.<\/strong><\/p>\n\n\n\n<div class=\"wp-block-buttons is-content-justification-center is-layout-flex wp-container-core-buttons-is-layout-16018d1d wp-block-buttons-is-layout-flex\">\n<div class=\"wp-block-button has-custom-width wp-block-button__width-50 has-custom-font-size is-style-fill has-medium-font-size\"><a class=\"wp-block-button__link has-luminous-vivid-orange-background-color has-background wp-element-button\" href=\"https:\/\/outlook.office365.com\/owa\/calendar\/Booking@sportmed.eu\/bookings\/s\/lTmVd3HvNUKVca83GQk-vg2\" style=\"border-radius:5px\" target=\"_blank\" rel=\"noreferrer noopener\">R\u00e9servez ici !<\/a><\/div>\n<\/div>\n\n\n\n<div style=\"height:40px\" aria-hidden=\"true\" class=\"wp-block-spacer\"><\/div>\n\n\n\n<hr class=\"wp-block-separator has-alpha-channel-opacity\"\/>\n\n\n\n<div style=\"height:40px\" aria-hidden=\"true\" class=\"wp-block-spacer\"><\/div>\n\n\n\n<figure class=\"wp-block-embed is-type-video is-provider-youtube wp-block-embed-youtube wp-embed-aspect-16-9 wp-has-aspect-ratio\"><div class=\"wp-block-embed__wrapper\">\n<iframe loading=\"lazy\" title=\"mobee\u00ae 360 - Rendez-vous exclusifs en ligne\" width=\"500\" height=\"281\" src=\"https:\/\/www.youtube.com\/embed\/PbYly1vni38?feature=oembed\" frameborder=\"0\" allow=\"accelerometer; autoplay; clipboard-write; encrypted-media; gyroscope; picture-in-picture; web-share\" referrerpolicy=\"strict-origin-when-cross-origin\" allowfullscreen><\/iframe>\n<\/div><\/figure>","protected":false},"excerpt":{"rendered":"<p>Vous \u00eates kin\u00e9sith\u00e9rapeute, conseiller d'entreprises pour des mesures de sant\u00e9 en entreprise ou vous dirigez un \u00e9tablissement de sant\u00e9 ? Vous vous concentrez sur...<\/p>","protected":false},"author":7,"featured_media":0,"comment_status":"closed","ping_status":"closed","sticky":false,"template":"","format":"standard","meta":{"_acf_changed":false,"footnotes":""},"categories":[32,30],"class_list":["post-4860","post","type-post","status-publish","format-standard","hentry","category-diagnostik","category-sportmed"],"acf":[],"yoast_head":"<!-- This site is optimized with the Yoast SEO Premium plugin v27.1 (Yoast SEO v27.5) - https:\/\/yoast.com\/product\/yoast-seo-premium-wordpress\/ -->\n<title>Der R\u00fccken im Fokus.<\/title>\n<meta name=\"description\" content=\"Der R\u00fccken im Fokus. &#8226; SportMed\" \/>\n<meta name=\"robots\" content=\"index, follow, max-snippet:-1, max-image-preview:large, max-video-preview:-1\" \/>\n<link rel=\"canonical\" href=\"https:\/\/www.mobee.de\/fr\/2022\/10\/le-dos-en-point-de-mire\/\" \/>\n<meta property=\"og:locale\" content=\"fr_FR\" \/>\n<meta property=\"og:type\" content=\"article\" \/>\n<meta property=\"og:title\" content=\"Der R\u00fccken im Fokus.\" \/>\n<meta property=\"og:description\" content=\"Der R\u00fccken im Fokus. &#8226; SportMed\" \/>\n<meta property=\"og:url\" content=\"https:\/\/www.mobee.de\/fr\/2022\/10\/le-dos-en-point-de-mire\/\" \/>\n<meta property=\"og:site_name\" content=\"mobee\u00ae 360\" \/>\n<meta property=\"article:publisher\" content=\"https:\/\/www.facebook.com\/mobee360\/\" \/>\n<meta property=\"article:published_time\" content=\"2022-10-14T11:17:14+00:00\" \/>\n<meta property=\"article:modified_time\" content=\"2025-05-06T15:02:39+00:00\" \/>\n<meta property=\"og:image\" content=\"https:\/\/www.mobee.de\/wp-content\/uploads\/Isabelle_Ruecken_Herbst-Kampagne-1.png\" \/>\n\t<meta property=\"og:image:width\" content=\"1125\" \/>\n\t<meta property=\"og:image:height\" content=\"1122\" \/>\n\t<meta property=\"og:image:type\" content=\"image\/png\" \/>\n<meta name=\"author\" content=\"Ulrich Graf\" \/>\n<meta name=\"twitter:card\" content=\"summary_large_image\" \/>\n<meta name=\"twitter:label1\" content=\"\u00c9crit par\" \/>\n\t<meta name=\"twitter:data1\" content=\"Ulrich Graf\" \/>\n\t<meta name=\"twitter:label2\" content=\"Dur\u00e9e de lecture estim\u00e9e\" \/>\n\t<meta name=\"twitter:data2\" content=\"1 minute\" \/>\n<script type=\"application\/ld+json\" class=\"yoast-schema-graph\">{\"@context\":\"https:\\\/\\\/schema.org\",\"@graph\":[{\"@type\":\"Article\",\"@id\":\"https:\\\/\\\/www.mobee.de\\\/2022\\\/10\\\/der-ruecken-im-fokus\\\/#article\",\"isPartOf\":{\"@id\":\"https:\\\/\\\/www.mobee.de\\\/2022\\\/10\\\/der-ruecken-im-fokus\\\/\"},\"author\":{\"name\":\"Ulrich Graf\",\"@id\":\"https:\\\/\\\/www.mobee.de\\\/#\\\/schema\\\/person\\\/d6eab7bc95623d4c11dc4d620f3de14e\"},\"headline\":\"Der R\u00fccken im Fokus.\",\"datePublished\":\"2022-10-14T11:17:14+00:00\",\"dateModified\":\"2025-05-06T15:02:39+00:00\",\"mainEntityOfPage\":{\"@id\":\"https:\\\/\\\/www.mobee.de\\\/2022\\\/10\\\/der-ruecken-im-fokus\\\/\"},\"wordCount\":141,\"publisher\":{\"@id\":\"https:\\\/\\\/www.mobee.de\\\/#organization\"},\"image\":{\"@id\":\"https:\\\/\\\/www.mobee.de\\\/2022\\\/10\\\/der-ruecken-im-fokus\\\/#primaryimage\"},\"thumbnailUrl\":\"https:\\\/\\\/www.mobee.de\\\/wp-content\\\/uploads\\\/Isabelle_Ruecken_Herbst-Kampagne-1.png\",\"articleSection\":[\"Digitale Diagnostik\",\"SportMed\"],\"inLanguage\":\"fr-FR\"},{\"@type\":\"WebPage\",\"@id\":\"https:\\\/\\\/www.mobee.de\\\/2022\\\/10\\\/der-ruecken-im-fokus\\\/\",\"url\":\"https:\\\/\\\/www.mobee.de\\\/2022\\\/10\\\/der-ruecken-im-fokus\\\/\",\"name\":\"Der R\u00fccken im Fokus.\",\"isPartOf\":{\"@id\":\"https:\\\/\\\/www.mobee.de\\\/#website\"},\"primaryImageOfPage\":{\"@id\":\"https:\\\/\\\/www.mobee.de\\\/2022\\\/10\\\/der-ruecken-im-fokus\\\/#primaryimage\"},\"image\":{\"@id\":\"https:\\\/\\\/www.mobee.de\\\/2022\\\/10\\\/der-ruecken-im-fokus\\\/#primaryimage\"},\"thumbnailUrl\":\"https:\\\/\\\/www.mobee.de\\\/wp-content\\\/uploads\\\/Isabelle_Ruecken_Herbst-Kampagne-1.png\",\"datePublished\":\"2022-10-14T11:17:14+00:00\",\"dateModified\":\"2025-05-06T15:02:39+00:00\",\"description\":\"Der R\u00fccken im Fokus. &#8226; SportMed\",\"breadcrumb\":{\"@id\":\"https:\\\/\\\/www.mobee.de\\\/2022\\\/10\\\/der-ruecken-im-fokus\\\/#breadcrumb\"},\"inLanguage\":\"fr-FR\",\"potentialAction\":[{\"@type\":\"ReadAction\",\"target\":[\"https:\\\/\\\/www.mobee.de\\\/2022\\\/10\\\/der-ruecken-im-fokus\\\/\"]}]},{\"@type\":\"ImageObject\",\"inLanguage\":\"fr-FR\",\"@id\":\"https:\\\/\\\/www.mobee.de\\\/2022\\\/10\\\/der-ruecken-im-fokus\\\/#primaryimage\",\"url\":\"https:\\\/\\\/www.mobee.de\\\/wp-content\\\/uploads\\\/Isabelle_Ruecken_Herbst-Kampagne-1.png\",\"contentUrl\":\"https:\\\/\\\/www.mobee.de\\\/wp-content\\\/uploads\\\/Isabelle_Ruecken_Herbst-Kampagne-1.png\"},{\"@type\":\"BreadcrumbList\",\"@id\":\"https:\\\/\\\/www.mobee.de\\\/2022\\\/10\\\/der-ruecken-im-fokus\\\/#breadcrumb\",\"itemListElement\":[{\"@type\":\"ListItem\",\"position\":1,\"name\":\"Startseite\",\"item\":\"https:\\\/\\\/www.mobee.de\\\/\"},{\"@type\":\"ListItem\",\"position\":2,\"name\":\"Der R\u00fccken im Fokus.\"}]},{\"@type\":\"WebSite\",\"@id\":\"https:\\\/\\\/www.mobee.de\\\/#website\",\"url\":\"https:\\\/\\\/www.mobee.de\\\/\",\"name\":\"mobee\u00ae 360 - Smart Data for Health\",\"description\":\"smarte Screenings f\u00fcr nachhaltige Gesundheit\",\"publisher\":{\"@id\":\"https:\\\/\\\/www.mobee.de\\\/#organization\"},\"potentialAction\":[{\"@type\":\"SearchAction\",\"target\":{\"@type\":\"EntryPoint\",\"urlTemplate\":\"https:\\\/\\\/www.mobee.de\\\/?s={search_term_string}\"},\"query-input\":{\"@type\":\"PropertyValueSpecification\",\"valueRequired\":true,\"valueName\":\"search_term_string\"}}],\"inLanguage\":\"fr-FR\"},{\"@type\":\"Organization\",\"@id\":\"https:\\\/\\\/www.mobee.de\\\/#organization\",\"name\":\"SportMed S.A.\",\"alternateName\":\"SportMed SA\",\"url\":\"https:\\\/\\\/www.mobee.de\\\/\",\"logo\":{\"@type\":\"ImageObject\",\"inLanguage\":\"fr-FR\",\"@id\":\"https:\\\/\\\/www.mobee.de\\\/#\\\/schema\\\/logo\\\/image\\\/\",\"url\":\"https:\\\/\\\/www.mobee.de\\\/wp-content\\\/uploads\\\/mobee360_2022_weiss_HG_quadratisch.png\",\"contentUrl\":\"https:\\\/\\\/www.mobee.de\\\/wp-content\\\/uploads\\\/mobee360_2022_weiss_HG_quadratisch.png\",\"width\":1182,\"height\":1182,\"caption\":\"SportMed S.A.\"},\"image\":{\"@id\":\"https:\\\/\\\/www.mobee.de\\\/#\\\/schema\\\/logo\\\/image\\\/\"},\"sameAs\":[\"https:\\\/\\\/www.facebook.com\\\/mobee360\\\/\",\"https:\\\/\\\/www.instagram.com\\\/mobee_360\\\/\",\"https:\\\/\\\/www.linkedin.com\\\/company\\\/mobee360\\\/\",\"https:\\\/\\\/www.youtube.com\\\/channel\\\/UCCo4KbDKNvAY7GurF6k4JQQ\"]},{\"@type\":\"Person\",\"@id\":\"https:\\\/\\\/www.mobee.de\\\/#\\\/schema\\\/person\\\/d6eab7bc95623d4c11dc4d620f3de14e\",\"name\":\"Ulrich Graf\",\"url\":\"https:\\\/\\\/www.mobee.de\\\/fr\\\/author\\\/ugraf\\\/\"}]}<\/script>\n<!-- \/ Yoast SEO Premium plugin. -->","yoast_head_json":{"title":"Le dos en point de mire.","description":"Le dos en point de mire. - SportMed","robots":{"index":"index","follow":"follow","max-snippet":"max-snippet:-1","max-image-preview":"max-image-preview:large","max-video-preview":"max-video-preview:-1"},"canonical":"https:\/\/www.mobee.de\/fr\/2022\/10\/le-dos-en-point-de-mire\/","og_locale":"fr_FR","og_type":"article","og_title":"Der R\u00fccken im Fokus.","og_description":"Der R\u00fccken im Fokus. &#8226; SportMed","og_url":"https:\/\/www.mobee.de\/fr\/2022\/10\/le-dos-en-point-de-mire\/","og_site_name":"mobee\u00ae 360","article_publisher":"https:\/\/www.facebook.com\/mobee360\/","article_published_time":"2022-10-14T11:17:14+00:00","article_modified_time":"2025-05-06T15:02:39+00:00","og_image":[{"width":1125,"height":1122,"url":"https:\/\/www.mobee.de\/wp-content\/uploads\/Isabelle_Ruecken_Herbst-Kampagne-1.png","type":"image\/png"}],"author":"Ulrich Graf","twitter_card":"summary_large_image","twitter_misc":{"\u00c9crit par":"Ulrich Graf","Dur\u00e9e de lecture estim\u00e9e":"1 minute"},"schema":{"@context":"https:\/\/schema.org","@graph":[{"@type":"Article","@id":"https:\/\/www.mobee.de\/2022\/10\/der-ruecken-im-fokus\/#article","isPartOf":{"@id":"https:\/\/www.mobee.de\/2022\/10\/der-ruecken-im-fokus\/"},"author":{"name":"Ulrich Graf","@id":"https:\/\/www.mobee.de\/#\/schema\/person\/d6eab7bc95623d4c11dc4d620f3de14e"},"headline":"Der R\u00fccken im Fokus.","datePublished":"2022-10-14T11:17:14+00:00","dateModified":"2025-05-06T15:02:39+00:00","mainEntityOfPage":{"@id":"https:\/\/www.mobee.de\/2022\/10\/der-ruecken-im-fokus\/"},"wordCount":141,"publisher":{"@id":"https:\/\/www.mobee.de\/#organization"},"image":{"@id":"https:\/\/www.mobee.de\/2022\/10\/der-ruecken-im-fokus\/#primaryimage"},"thumbnailUrl":"https:\/\/www.mobee.de\/wp-content\/uploads\/Isabelle_Ruecken_Herbst-Kampagne-1.png","articleSection":["Digitale Diagnostik","SportMed"],"inLanguage":"fr-FR"},{"@type":"WebPage","@id":"https:\/\/www.mobee.de\/2022\/10\/der-ruecken-im-fokus\/","url":"https:\/\/www.mobee.de\/2022\/10\/der-ruecken-im-fokus\/","name":"Le dos en point de mire.","isPartOf":{"@id":"https:\/\/www.mobee.de\/#website"},"primaryImageOfPage":{"@id":"https:\/\/www.mobee.de\/2022\/10\/der-ruecken-im-fokus\/#primaryimage"},"image":{"@id":"https:\/\/www.mobee.de\/2022\/10\/der-ruecken-im-fokus\/#primaryimage"},"thumbnailUrl":"https:\/\/www.mobee.de\/wp-content\/uploads\/Isabelle_Ruecken_Herbst-Kampagne-1.png","datePublished":"2022-10-14T11:17:14+00:00","dateModified":"2025-05-06T15:02:39+00:00","description":"Le dos en point de mire. - SportMed","breadcrumb":{"@id":"https:\/\/www.mobee.de\/2022\/10\/der-ruecken-im-fokus\/#breadcrumb"},"inLanguage":"fr-FR","potentialAction":[{"@type":"ReadAction","target":["https:\/\/www.mobee.de\/2022\/10\/der-ruecken-im-fokus\/"]}]},{"@type":"ImageObject","inLanguage":"fr-FR","@id":"https:\/\/www.mobee.de\/2022\/10\/der-ruecken-im-fokus\/#primaryimage","url":"https:\/\/www.mobee.de\/wp-content\/uploads\/Isabelle_Ruecken_Herbst-Kampagne-1.png","contentUrl":"https:\/\/www.mobee.de\/wp-content\/uploads\/Isabelle_Ruecken_Herbst-Kampagne-1.png"},{"@type":"BreadcrumbList","@id":"https:\/\/www.mobee.de\/2022\/10\/der-ruecken-im-fokus\/#breadcrumb","itemListElement":[{"@type":"ListItem","position":1,"name":"Startseite","item":"https:\/\/www.mobee.de\/"},{"@type":"ListItem","position":2,"name":"Der R\u00fccken im Fokus."}]},{"@type":"WebSite","@id":"https:\/\/www.mobee.de\/#website","url":"https:\/\/www.mobee.de\/","name":"mobee\u00ae 360 - Donn\u00e9es intelligentes pour la sant\u00e9","description":"d\u00e9pistages intelligents pour une sant\u00e9 durable","publisher":{"@id":"https:\/\/www.mobee.de\/#organization"},"potentialAction":[{"@type":"SearchAction","target":{"@type":"EntryPoint","urlTemplate":"https:\/\/www.mobee.de\/?s={search_term_string}"},"query-input":{"@type":"PropertyValueSpecification","valueRequired":true,"valueName":"search_term_string"}}],"inLanguage":"fr-FR"},{"@type":"Organization","@id":"https:\/\/www.mobee.de\/#organization","name":"SportMed S.A.","alternateName":"SportMed SA","url":"https:\/\/www.mobee.de\/","logo":{"@type":"ImageObject","inLanguage":"fr-FR","@id":"https:\/\/www.mobee.de\/#\/schema\/logo\/image\/","url":"https:\/\/www.mobee.de\/wp-content\/uploads\/mobee360_2022_weiss_HG_quadratisch.png","contentUrl":"https:\/\/www.mobee.de\/wp-content\/uploads\/mobee360_2022_weiss_HG_quadratisch.png","width":1182,"height":1182,"caption":"SportMed S.A."},"image":{"@id":"https:\/\/www.mobee.de\/#\/schema\/logo\/image\/"},"sameAs":["https:\/\/www.facebook.com\/mobee360\/","https:\/\/www.instagram.com\/mobee_360\/","https:\/\/www.linkedin.com\/company\/mobee360\/","https:\/\/www.youtube.com\/channel\/UCCo4KbDKNvAY7GurF6k4JQQ"]},{"@type":"Person","@id":"https:\/\/www.mobee.de\/#\/schema\/person\/d6eab7bc95623d4c11dc4d620f3de14e","name":"Ulrich Graf","url":"https:\/\/www.mobee.de\/fr\/author\/ugraf\/"}]}},"_links":{"self":[{"href":"https:\/\/www.mobee.de\/fr\/wp-json\/wp\/v2\/posts\/4860","targetHints":{"allow":["GET"]}}],"collection":[{"href":"https:\/\/www.mobee.de\/fr\/wp-json\/wp\/v2\/posts"}],"about":[{"href":"https:\/\/www.mobee.de\/fr\/wp-json\/wp\/v2\/types\/post"}],"author":[{"embeddable":true,"href":"https:\/\/www.mobee.de\/fr\/wp-json\/wp\/v2\/users\/7"}],"replies":[{"embeddable":true,"href":"https:\/\/www.mobee.de\/fr\/wp-json\/wp\/v2\/comments?post=4860"}],"version-history":[{"count":2,"href":"https:\/\/www.mobee.de\/fr\/wp-json\/wp\/v2\/posts\/4860\/revisions"}],"predecessor-version":[{"id":10161,"href":"https:\/\/www.mobee.de\/fr\/wp-json\/wp\/v2\/posts\/4860\/revisions\/10161"}],"wp:attachment":[{"href":"https:\/\/www.mobee.de\/fr\/wp-json\/wp\/v2\/media?parent=4860"}],"wp:term":[{"taxonomy":"category","embeddable":true,"href":"https:\/\/www.mobee.de\/fr\/wp-json\/wp\/v2\/categories?post=4860"}],"curies":[{"name":"wp","href":"https:\/\/api.w.org\/{rel}","templated":true}]}}